{"id":145605,"date":"2025-02-08T16:55:57","date_gmt":"2025-02-08T15:55:57","guid":{"rendered":"https:\/\/le-galantin.com\/?p=145605"},"modified":"2025-06-16T14:28:00","modified_gmt":"2025-06-16T12:28:00","slug":"wine-paris-2025","status":"publish","type":"post","link":"https:\/\/le-galantin.com\/en\/evenements\/wine-paris-2025\/","title":{"rendered":"Retrouvez le Galantin au salon Wine Paris 2025"},"content":{"rendered":"<div class=\"wpb-content-wrapper\"><p>[vc_row row_height_percent=&#8221;50&#8243; override_padding=&#8221;yes&#8221; h_padding=&#8221;2&#8243; top_padding=&#8221;3&#8243; bottom_padding=&#8221;3&#8243; overlay_alpha=&#8221;50&#8243; gutter_size=&#8221;4&#8243; column_width_percent=&#8221;100&#8243; shift_y=&#8221;0&#8243; z_index=&#8221;0&#8243; content_parallax=&#8221;0&#8243; el_class=&#8221;inverted-device-order&#8221; uncode_shortcode_id=&#8221;102870&#8243;][vc_column column_width_use_pixel=&#8221;yes&#8221; position_vertical=&#8221;middle&#8221; gutter_size=&#8221;3&#8243; overlay_alpha=&#8221;50&#8243; shift_x=&#8221;0&#8243; shift_y=&#8221;0&#8243; shift_y_down=&#8221;0&#8243; z_index=&#8221;0&#8243; medium_width=&#8221;0&#8243; mobile_width=&#8221;0&#8243; width=&#8221;1\/2&#8243; column_width_pixel=&#8221;900&#8243;][vc_custom_heading text_color=&#8221;color-jevc&#8221; heading_semantic=&#8221;h3&#8243; text_font=&#8221;font-120953&#8243; text_weight=&#8221;600&#8243; text_transform=&#8221;uppercase&#8221; uncode_shortcode_id=&#8221;375962&#8243; text_color_type=&#8221;uncode-palette&#8221;]Retrouvez le Galantin au salon Wine Paris 2025[\/vc_custom_heading][vc_column_text uncode_shortcode_id=&#8221;206525&#8243;]Vignerons passionn\u00e9s au c\u0153ur de l\u2019appellation Bandol, l\u2019\u00e9quipe du Galantin vous donne rendez-vous \u00e0 <strong>Wine Paris 2025, les 10-11-12 f\u00e9vrier, sur le stand des Vins de Bandol H7.2 \u2013 G075.<\/strong><\/p>\n<p>Venez d\u00e9couvrir vins d\u2019exception, reflets d\u2019un terroir unique et d\u2019un savoir-faire familial transmis avec passion.<br \/>\nWine Paris &amp; Vinexpo Paris est un \u00e9v\u00e9nement international d\u00e9di\u00e9 aux vins et spiritueux, r\u00e9unissant producteurs, n\u00e9gociants et acheteurs du monde entier. L&#8217;\u00e9v\u00e9nement met en avant la diversit\u00e9 des terroirs, les tendances du march\u00e9 et propose des d\u00e9gustations, masterclasses et conf\u00e9rences.<\/p>\n<p>L&#8217;exposition couvre l&#8217;ensemble des r\u00e9gions viticoles fran\u00e7aises ainsi que de nombreuses r\u00e9gions productrices internationales. Cette sixi\u00e8me \u00e9dition r\u00e9unie plus de 4 000 exposants et accueillera plus de 41 000 visiteurs professionnels du monde entier.[\/vc_column_text][vc_button button_color=&#8221;color-110182&#8243; hover_fx=&#8221;outlined&#8221; outline=&#8221;yes&#8221; border_width=&#8221;0&#8243; link=&#8221;url:https%3A%2F%2Fwineparis.com%2Fnewfront%2Fexhibitor%2Fdomaine-le-galantin|title:Wine%20Paris%202025|target:_blank&#8221; button_color_type=&#8221;uncode-palette&#8221; uncode_shortcode_id=&#8221;176288&#8243;]En savoir plus[\/vc_button][\/vc_column][vc_column width=&#8221;1\/2&#8243;][vc_single_image media=&#8221;145608&#8243; media_width_percent=&#8221;100&#8243; media_ratio=&#8221;one-one&#8221; uncode_shortcode_id=&#8221;213050&#8243;][\/vc_column][\/vc_row]<\/p>\n<\/div>","protected":false},"excerpt":{"rendered":"<p>Vignerons passionn\u00e9s au c\u0153ur de l\u2019appellation Bandol, l\u2019\u00e9quipe du Galantin vous donne rendez-vous \u00e0 Wine Paris 2025, les 10-11-12 f\u00e9vrier, sur le stand des Vins de Bandol H7.2 \u2013 G075.<\/p>\n","protected":false},"author":1,"featured_media":145607,"comment_status":"closed","ping_status":"closed","sticky":false,"template":"","format":"standard","meta":{"footnotes":""},"categories":[128,71],"tags":[],"class_list":["post-145605","post","type-post","status-publish","format-standard","has-post-thumbnail","hentry","category-divers","category-evenements"],"yoast_head":"<!-- This site is optimized with the Yoast SEO plugin v27.4 - https:\/\/yoast.com\/product\/yoast-seo-wordpress\/ -->\n<title>Retrouvez le Galantin au salon Wine Paris 2025 - Domaine Le Galantin<\/title>\n<meta name=\"robots\" content=\"index, follow, max-snippet:-1, max-image-preview:large, max-video-preview:-1\" \/>\n<link rel=\"canonical\" href=\"https:\/\/le-galantin.com\/en\/evenements\/wine-paris-2025\/\" \/>\n<meta property=\"og:locale\" content=\"en_US\" \/>\n<meta property=\"og:type\" content=\"article\" \/>\n<meta property=\"og:title\" content=\"Retrouvez le Galantin au salon Wine Paris 2025 - Domaine Le Galantin\" \/>\n<meta property=\"og:description\" content=\"Vignerons passionn\u00e9s au c\u0153ur de l\u2019appellation Bandol, l\u2019\u00e9quipe du Galantin vous donne rendez-vous \u00e0 Wine Paris 2025, les 10-11-12 f\u00e9vrier, sur le stand des Vins de Bandol H7.2 \u2013 G075.\" \/>\n<meta property=\"og:url\" content=\"https:\/\/le-galantin.com\/en\/evenements\/wine-paris-2025\/\" \/>\n<meta property=\"og:site_name\" content=\"Domaine Le Galantin\" \/>\n<meta property=\"article:published_time\" content=\"2025-02-08T15:55:57+00:00\" \/>\n<meta property=\"article:modified_time\" content=\"2025-06-16T12:28:00+00:00\" \/>\n<meta property=\"og:image\" content=\"https:\/\/le-galantin.com\/wp-content\/uploads\/2025\/02\/WP25_KeyVisual_4-3_FR-scaled.jpg\" \/>\n\t<meta property=\"og:image:width\" content=\"2560\" \/>\n\t<meta property=\"og:image:height\" content=\"1920\" \/>\n\t<meta property=\"og:image:type\" content=\"image\/jpeg\" \/>\n<meta name=\"author\" content=\"Roland\" \/>\n<meta name=\"twitter:card\" content=\"summary_large_image\" \/>\n<meta name=\"twitter:label1\" content=\"Written by\" \/>\n\t<meta name=\"twitter:data1\" content=\"Roland\" \/>\n\t<meta name=\"twitter:label2\" content=\"Est. reading time\" \/>\n\t<meta name=\"twitter:data2\" content=\"2 minutes\" \/>\n<script type=\"application\/ld+json\" class=\"yoast-schema-graph\">{\"@context\":\"https:\\\/\\\/schema.org\",\"@graph\":[{\"@type\":\"Article\",\"@id\":\"https:\\\/\\\/le-galantin.com\\\/en\\\/evenements\\\/wine-paris-2025\\\/#article\",\"isPartOf\":{\"@id\":\"https:\\\/\\\/le-galantin.com\\\/en\\\/evenements\\\/wine-paris-2025\\\/\"},\"author\":{\"name\":\"Roland\",\"@id\":\"https:\\\/\\\/le-galantin.com\\\/en\\\/#\\\/schema\\\/person\\\/9e0348bec5dfcc412d40264836ff26ed\"},\"headline\":\"Retrouvez le Galantin au salon Wine Paris 2025\",\"datePublished\":\"2025-02-08T15:55:57+00:00\",\"dateModified\":\"2025-06-16T12:28:00+00:00\",\"mainEntityOfPage\":{\"@id\":\"https:\\\/\\\/le-galantin.com\\\/en\\\/evenements\\\/wine-paris-2025\\\/\"},\"wordCount\":313,\"image\":{\"@id\":\"https:\\\/\\\/le-galantin.com\\\/en\\\/evenements\\\/wine-paris-2025\\\/#primaryimage\"},\"thumbnailUrl\":\"https:\\\/\\\/le-galantin.com\\\/wp-content\\\/uploads\\\/2025\\\/02\\\/WP25_KeyVisual_4-3_FR-scaled.jpg\",\"articleSection\":[\"Divers\",\"Ev\u00e9nements\"],\"inLanguage\":\"en-US\"},{\"@type\":\"WebPage\",\"@id\":\"https:\\\/\\\/le-galantin.com\\\/en\\\/evenements\\\/wine-paris-2025\\\/\",\"url\":\"https:\\\/\\\/le-galantin.com\\\/en\\\/evenements\\\/wine-paris-2025\\\/\",\"name\":\"Retrouvez le Galantin au salon Wine Paris 2025 - Domaine Le Galantin\",\"isPartOf\":{\"@id\":\"https:\\\/\\\/le-galantin.com\\\/en\\\/#website\"},\"primaryImageOfPage\":{\"@id\":\"https:\\\/\\\/le-galantin.com\\\/en\\\/evenements\\\/wine-paris-2025\\\/#primaryimage\"},\"image\":{\"@id\":\"https:\\\/\\\/le-galantin.com\\\/en\\\/evenements\\\/wine-paris-2025\\\/#primaryimage\"},\"thumbnailUrl\":\"https:\\\/\\\/le-galantin.com\\\/wp-content\\\/uploads\\\/2025\\\/02\\\/WP25_KeyVisual_4-3_FR-scaled.jpg\",\"datePublished\":\"2025-02-08T15:55:57+00:00\",\"dateModified\":\"2025-06-16T12:28:00+00:00\",\"author\":{\"@id\":\"https:\\\/\\\/le-galantin.com\\\/en\\\/#\\\/schema\\\/person\\\/9e0348bec5dfcc412d40264836ff26ed\"},\"breadcrumb\":{\"@id\":\"https:\\\/\\\/le-galantin.com\\\/en\\\/evenements\\\/wine-paris-2025\\\/#breadcrumb\"},\"inLanguage\":\"en-US\",\"potentialAction\":[{\"@type\":\"ReadAction\",\"target\":[\"https:\\\/\\\/le-galantin.com\\\/en\\\/evenements\\\/wine-paris-2025\\\/\"]}]},{\"@type\":\"ImageObject\",\"inLanguage\":\"en-US\",\"@id\":\"https:\\\/\\\/le-galantin.com\\\/en\\\/evenements\\\/wine-paris-2025\\\/#primaryimage\",\"url\":\"https:\\\/\\\/le-galantin.com\\\/wp-content\\\/uploads\\\/2025\\\/02\\\/WP25_KeyVisual_4-3_FR-scaled.jpg\",\"contentUrl\":\"https:\\\/\\\/le-galantin.com\\\/wp-content\\\/uploads\\\/2025\\\/02\\\/WP25_KeyVisual_4-3_FR-scaled.jpg\",\"width\":2560,\"height\":1920},{\"@type\":\"BreadcrumbList\",\"@id\":\"https:\\\/\\\/le-galantin.com\\\/en\\\/evenements\\\/wine-paris-2025\\\/#breadcrumb\",\"itemListElement\":[{\"@type\":\"ListItem\",\"position\":1,\"name\":\"Accueil\",\"item\":\"https:\\\/\\\/le-galantin.com\\\/en\\\/\"},{\"@type\":\"ListItem\",\"position\":2,\"name\":\"Retrouvez le Galantin au salon Wine Paris 2025\"}]},{\"@type\":\"WebSite\",\"@id\":\"https:\\\/\\\/le-galantin.com\\\/en\\\/#website\",\"url\":\"https:\\\/\\\/le-galantin.com\\\/en\\\/\",\"name\":\"Domaine Le Galantin\",\"description\":\"Vins de Bandol\",\"alternateName\":\"Le Galantin\",\"potentialAction\":[{\"@type\":\"SearchAction\",\"target\":{\"@type\":\"EntryPoint\",\"urlTemplate\":\"https:\\\/\\\/le-galantin.com\\\/en\\\/?s={search_term_string}\"},\"query-input\":{\"@type\":\"PropertyValueSpecification\",\"valueRequired\":true,\"valueName\":\"search_term_string\"}}],\"inLanguage\":\"en-US\"},{\"@type\":\"Person\",\"@id\":\"https:\\\/\\\/le-galantin.com\\\/en\\\/#\\\/schema\\\/person\\\/9e0348bec5dfcc412d40264836ff26ed\",\"name\":\"Roland\",\"image\":{\"@type\":\"ImageObject\",\"inLanguage\":\"en-US\",\"@id\":\"https:\\\/\\\/secure.gravatar.com\\\/avatar\\\/3541ef7105623c561388d9d381926e4bf9c8bd0a663c249c4f86a1d9f3a4a509?s=96&d=mm&r=g\",\"url\":\"https:\\\/\\\/secure.gravatar.com\\\/avatar\\\/3541ef7105623c561388d9d381926e4bf9c8bd0a663c249c4f86a1d9f3a4a509?s=96&d=mm&r=g\",\"contentUrl\":\"https:\\\/\\\/secure.gravatar.com\\\/avatar\\\/3541ef7105623c561388d9d381926e4bf9c8bd0a663c249c4f86a1d9f3a4a509?s=96&d=mm&r=g\",\"caption\":\"Roland\"},\"sameAs\":[\"https:\\\/\\\/le-galantin.com\"]}]}<\/script>\n<!-- \/ Yoast SEO plugin. -->","yoast_head_json":{"title":"Retrouvez le Galantin au salon Wine Paris 2025 - Domaine Le Galantin","robots":{"index":"index","follow":"follow","max-snippet":"max-snippet:-1","max-image-preview":"max-image-preview:large","max-video-preview":"max-video-preview:-1"},"canonical":"https:\/\/le-galantin.com\/en\/evenements\/wine-paris-2025\/","og_locale":"en_US","og_type":"article","og_title":"Retrouvez le Galantin au salon Wine Paris 2025 - Domaine Le Galantin","og_description":"Vignerons passionn\u00e9s au c\u0153ur de l\u2019appellation Bandol, l\u2019\u00e9quipe du Galantin vous donne rendez-vous \u00e0 Wine Paris 2025, les 10-11-12 f\u00e9vrier, sur le stand des Vins de Bandol H7.2 \u2013 G075.","og_url":"https:\/\/le-galantin.com\/en\/evenements\/wine-paris-2025\/","og_site_name":"Domaine Le Galantin","article_published_time":"2025-02-08T15:55:57+00:00","article_modified_time":"2025-06-16T12:28:00+00:00","og_image":[{"width":2560,"height":1920,"url":"https:\/\/le-galantin.com\/wp-content\/uploads\/2025\/02\/WP25_KeyVisual_4-3_FR-scaled.jpg","type":"image\/jpeg"}],"author":"Roland","twitter_card":"summary_large_image","twitter_misc":{"Written by":"Roland","Est. reading time":"2 minutes"},"schema":{"@context":"https:\/\/schema.org","@graph":[{"@type":"Article","@id":"https:\/\/le-galantin.com\/en\/evenements\/wine-paris-2025\/#article","isPartOf":{"@id":"https:\/\/le-galantin.com\/en\/evenements\/wine-paris-2025\/"},"author":{"name":"Roland","@id":"https:\/\/le-galantin.com\/en\/#\/schema\/person\/9e0348bec5dfcc412d40264836ff26ed"},"headline":"Retrouvez le Galantin au salon Wine Paris 2025","datePublished":"2025-02-08T15:55:57+00:00","dateModified":"2025-06-16T12:28:00+00:00","mainEntityOfPage":{"@id":"https:\/\/le-galantin.com\/en\/evenements\/wine-paris-2025\/"},"wordCount":313,"image":{"@id":"https:\/\/le-galantin.com\/en\/evenements\/wine-paris-2025\/#primaryimage"},"thumbnailUrl":"https:\/\/le-galantin.com\/wp-content\/uploads\/2025\/02\/WP25_KeyVisual_4-3_FR-scaled.jpg","articleSection":["Divers","Ev\u00e9nements"],"inLanguage":"en-US"},{"@type":"WebPage","@id":"https:\/\/le-galantin.com\/en\/evenements\/wine-paris-2025\/","url":"https:\/\/le-galantin.com\/en\/evenements\/wine-paris-2025\/","name":"Retrouvez le Galantin au salon Wine Paris 2025 - Domaine Le Galantin","isPartOf":{"@id":"https:\/\/le-galantin.com\/en\/#website"},"primaryImageOfPage":{"@id":"https:\/\/le-galantin.com\/en\/evenements\/wine-paris-2025\/#primaryimage"},"image":{"@id":"https:\/\/le-galantin.com\/en\/evenements\/wine-paris-2025\/#primaryimage"},"thumbnailUrl":"https:\/\/le-galantin.com\/wp-content\/uploads\/2025\/02\/WP25_KeyVisual_4-3_FR-scaled.jpg","datePublished":"2025-02-08T15:55:57+00:00","dateModified":"2025-06-16T12:28:00+00:00","author":{"@id":"https:\/\/le-galantin.com\/en\/#\/schema\/person\/9e0348bec5dfcc412d40264836ff26ed"},"breadcrumb":{"@id":"https:\/\/le-galantin.com\/en\/evenements\/wine-paris-2025\/#breadcrumb"},"inLanguage":"en-US","potentialAction":[{"@type":"ReadAction","target":["https:\/\/le-galantin.com\/en\/evenements\/wine-paris-2025\/"]}]},{"@type":"ImageObject","inLanguage":"en-US","@id":"https:\/\/le-galantin.com\/en\/evenements\/wine-paris-2025\/#primaryimage","url":"https:\/\/le-galantin.com\/wp-content\/uploads\/2025\/02\/WP25_KeyVisual_4-3_FR-scaled.jpg","contentUrl":"https:\/\/le-galantin.com\/wp-content\/uploads\/2025\/02\/WP25_KeyVisual_4-3_FR-scaled.jpg","width":2560,"height":1920},{"@type":"BreadcrumbList","@id":"https:\/\/le-galantin.com\/en\/evenements\/wine-paris-2025\/#breadcrumb","itemListElement":[{"@type":"ListItem","position":1,"name":"Accueil","item":"https:\/\/le-galantin.com\/en\/"},{"@type":"ListItem","position":2,"name":"Retrouvez le Galantin au salon Wine Paris 2025"}]},{"@type":"WebSite","@id":"https:\/\/le-galantin.com\/en\/#website","url":"https:\/\/le-galantin.com\/en\/","name":"Domaine Le Galantin","description":"Vins de Bandol","alternateName":"Le Galantin","potentialAction":[{"@type":"SearchAction","target":{"@type":"EntryPoint","urlTemplate":"https:\/\/le-galantin.com\/en\/?s={search_term_string}"},"query-input":{"@type":"PropertyValueSpecification","valueRequired":true,"valueName":"search_term_string"}}],"inLanguage":"en-US"},{"@type":"Person","@id":"https:\/\/le-galantin.com\/en\/#\/schema\/person\/9e0348bec5dfcc412d40264836ff26ed","name":"Roland","image":{"@type":"ImageObject","inLanguage":"en-US","@id":"https:\/\/secure.gravatar.com\/avatar\/3541ef7105623c561388d9d381926e4bf9c8bd0a663c249c4f86a1d9f3a4a509?s=96&d=mm&r=g","url":"https:\/\/secure.gravatar.com\/avatar\/3541ef7105623c561388d9d381926e4bf9c8bd0a663c249c4f86a1d9f3a4a509?s=96&d=mm&r=g","contentUrl":"https:\/\/secure.gravatar.com\/avatar\/3541ef7105623c561388d9d381926e4bf9c8bd0a663c249c4f86a1d9f3a4a509?s=96&d=mm&r=g","caption":"Roland"},"sameAs":["https:\/\/le-galantin.com"]}]}},"_links":{"self":[{"href":"https:\/\/le-galantin.com\/en\/wp-json\/wp\/v2\/posts\/145605","targetHints":{"allow":["GET"]}}],"collection":[{"href":"https:\/\/le-galantin.com\/en\/wp-json\/wp\/v2\/posts"}],"about":[{"href":"https:\/\/le-galantin.com\/en\/wp-json\/wp\/v2\/types\/post"}],"author":[{"embeddable":true,"href":"https:\/\/le-galantin.com\/en\/wp-json\/wp\/v2\/users\/1"}],"replies":[{"embeddable":true,"href":"https:\/\/le-galantin.com\/en\/wp-json\/wp\/v2\/comments?post=145605"}],"version-history":[{"count":1,"href":"https:\/\/le-galantin.com\/en\/wp-json\/wp\/v2\/posts\/145605\/revisions"}],"predecessor-version":[{"id":154904,"href":"https:\/\/le-galantin.com\/en\/wp-json\/wp\/v2\/posts\/145605\/revisions\/154904"}],"wp:featuredmedia":[{"embeddable":true,"href":"https:\/\/le-galantin.com\/en\/wp-json\/wp\/v2\/media\/145607"}],"wp:attachment":[{"href":"https:\/\/le-galantin.com\/en\/wp-json\/wp\/v2\/media?parent=145605"}],"wp:term":[{"taxonomy":"category","embeddable":true,"href":"https:\/\/le-galantin.com\/en\/wp-json\/wp\/v2\/categories?post=145605"},{"taxonomy":"post_tag","embeddable":true,"href":"https:\/\/le-galantin.com\/en\/wp-json\/wp\/v2\/tags?post=145605"}],"curies":[{"name":"wp","href":"https:\/\/api.w.org\/{rel}","templated":true}]}}